{"id":4365,"date":"2022-03-14T21:56:30","date_gmt":"2022-03-14T23:56:30","guid":{"rendered":"https:\/\/www.miralop.cl\/?p=4365"},"modified":"2022-03-14T21:56:31","modified_gmt":"2022-03-14T23:56:31","slug":"delegacion-de-la-armada-de-chile-participo-en-reuniones-prezarpe-velas-latinoamericanas-2022-en-mar-del-plata","status":"publish","type":"post","link":"https:\/\/www.miralop.cl\/index.php\/delegacion-de-la-armada-de-chile-participo-en-reuniones-prezarpe-velas-latinoamericanas-2022-en-mar-del-plata\/","title":{"rendered":"DELEGACI\u00d3N DE LA ARMADA DE CHILE PARTICIP\u00d3 EN REUNIONES PREZARPE VELAS LATINOAMERICANAS 2022 EN MAR DEL PLATA"},"content":{"rendered":"\n<p><\/p>\n\n\n\n<p>Durante la jornada del 14 de\nmarzo se realiz\u00f3 en la Base Naval \u201cMar del Plata\u201d de Argentina, distintas\nreuniones prezarpe de los distintos Buques que participar\u00e1n en Velas\nLatinoamericanas 2022, participando una delegaci\u00f3n de la Armada de Chile en las\nmencionadas instancias.<\/p>\n\n\n\n<p>Es de esta manera que la\ndelegaci\u00f3n fue encabezada por el Jefe del Estado Mayor de la Tercera Zona Naval\ny Comandante de la Base Naval \u201cPunta Arenas\u201d, Capit\u00e1n de Nav\u00edo Jaime Montecinos\nRodr\u00edguez, siendo acompa\u00f1ado por el Coordinador General de Velas\nLatinoamericanas 2022 de la Tercera Zona Naval, Capit\u00e1n de Fragata Ram\u00f3n\nGonz\u00e1lez Escobar y el Agregado Naval en Argentina, Capit\u00e1n de Nav\u00edo Gerardo\nZwanzger Lander.<\/p>\n\n\n\n<p>En esta versi\u00f3n del evento\nn\u00e1utico se conmemoran los 200 a\u00f1os de la independencia de Brasil, iniciando su\nzarpe desde R\u00edo de Janeiro durante el mes de febrero, para zarpar durante la\njornada del 15 de marzo hacia Punta Arenas desde Mar del Plata, siguiendo la\nruta desde la Boca Oriental del Estrecho de Magallanes siendo recibidos por\nFaro \u201cPunta Dungeness\u201d y \u201cEsp\u00edritu Santo\u201d.<\/p>\n\n\n\n<p>En las reuniones\nparticiparon representantes de las unidades participantes, as\u00ed como el\nComandante del \u00c1rea Naval Atl\u00e1ntica de la Armada Argentina, Contraalmirante\nMarcelo Fern\u00e1ndez, el Director de Educaci\u00f3n de la Armada Argentina\nContraalmirante Marcelo Tarapow, y el Director de Velas Latinoamericanas 2022,\nComandante Claudio Souza Freitas de Brasil.<\/p>\n\n\n\n<p>El Jefe del Estado Mayor de\nla Tercera Zona Naval, Capit\u00e1n de Nav\u00edo Jaime Montecinos Rodr\u00edguez, se\u00f1al\u00f3 que\n\u201c<em>efectuamos la exposici\u00f3n a los veleros\nque participar\u00e1n en Velas Latinoamericanas 2022, dando a conocer los detalles\nde la navegaci\u00f3n en el Estrecho de Magallanes, destacando el tr\u00e1nsito que\nrealizaran por Primera y Segunda Angostura hasta llegar a Punta Arenas<\/em>\u201d, aclarando\nque \u201c<em>una vez en la bah\u00eda las Unidades realizar\u00e1n\ntodos los tr\u00e1mites sanitarios de rigor para ingresar a Chile, participando as\u00ed\nen las diferentes actividades programadas<\/em>\u201d.<\/p>\n\n\n\n<p>Los veleros participantes recalar\u00e1n\nel 24 de marzo a Punta Arenas, en donde se realizar\u00e1 un desfile en la bah\u00eda y\nlos saludos de salvas de ca\u00f1\u00f3n a la ciudad, posteriormente los buques podr\u00e1n\nser visitados por el p\u00fablico en general, actividad que se enmarcar\u00e1 en los\nprotocolos sanitarios vigentes en el momento del evento durante los d\u00edas 26 y\n27 de marzo.<\/p>\n","protected":false},"excerpt":{"rendered":"<p>Durante la jornada del 14 de marzo se realiz\u00f3 en la Base Naval \u201cMar del&#8230;<\/p>\n","protected":false},"author":2,"featured_media":4366,"comment_status":"closed","ping_status":"closed","sticky":false,"template":"","format":"standard","meta":{"footnotes":""},"categories":[5],"tags":[],"class_list":["post-4365","post","type-post","status-publish","format-standard","has-post-thumbnail","hentry","category-sociedad"],"featured_image_urls":{"full":["https:\/\/www.miralop.cl\/wp-content\/uploads\/2022\/03\/WhatsApp-Image-2022-03-14-at-8.15.27-PM.jpeg",1600,1200,false],"thumbnail":["https:\/\/www.miralop.cl\/wp-content\/uploads\/2022\/03\/WhatsApp-Image-2022-03-14-at-8.15.27-PM-150x150.jpeg",150,150,true],"medium":["https:\/\/www.miralop.cl\/wp-content\/uploads\/2022\/03\/WhatsApp-Image-2022-03-14-at-8.15.27-PM-300x225.jpeg",300,225,true],"medium_large":["https:\/\/www.miralop.cl\/wp-content\/uploads\/2022\/03\/WhatsApp-Image-2022-03-14-at-8.15.27-PM-768x576.jpeg",640,480,true],"large":["https:\/\/www.miralop.cl\/wp-content\/uploads\/2022\/03\/WhatsApp-Image-2022-03-14-at-8.15.27-PM-1440x1080.jpeg",640,480,true],"1536x1536":["https:\/\/www.miralop.cl\/wp-content\/uploads\/2022\/03\/WhatsApp-Image-2022-03-14-at-8.15.27-PM-1536x1152.jpeg",1536,1152,true],"2048x2048":["https:\/\/www.miralop.cl\/wp-content\/uploads\/2022\/03\/WhatsApp-Image-2022-03-14-at-8.15.27-PM.jpeg",1600,1200,false],"covernews-slider-full":["https:\/\/www.miralop.cl\/wp-content\/uploads\/2022\/03\/WhatsApp-Image-2022-03-14-at-8.15.27-PM.jpeg",953,715,false],"covernews-slider-center":["https:\/\/www.miralop.cl\/wp-content\/uploads\/2022\/03\/WhatsApp-Image-2022-03-14-at-8.15.27-PM.jpeg",667,500,false],"covernews-featured":["https:\/\/www.miralop.cl\/wp-content\/uploads\/2022\/03\/WhatsApp-Image-2022-03-14-at-8.15.27-PM.jpeg",1024,768,false],"covernews-medium":["https:\/\/www.miralop.cl\/wp-content\/uploads\/2022\/03\/WhatsApp-Image-2022-03-14-at-8.15.27-PM.jpeg",453,340,false],"covernews-medium-square":["https:\/\/www.miralop.cl\/wp-content\/uploads\/2022\/03\/WhatsApp-Image-2022-03-14-at-8.15.27-PM.jpeg",333,250,false],"sow-carousel-default":["https:\/\/www.miralop.cl\/wp-content\/uploads\/2022\/03\/WhatsApp-Image-2022-03-14-at-8.15.27-PM-272x182.jpeg",272,182,true]},"author_info":{"display_name":"MIRALO","author_link":"https:\/\/www.miralop.cl\/index.php\/author\/miralop\/"},"category_info":"<a href=\"https:\/\/www.miralop.cl\/index.php\/category\/sociedad\/\" rel=\"category tag\">SOCIEDAD<\/a>","tag_info":"SOCIEDAD","comment_count":"0","_links":{"self":[{"href":"https:\/\/www.miralop.cl\/index.php\/wp-json\/wp\/v2\/posts\/4365","targetHints":{"allow":["GET"]}}],"collection":[{"href":"https:\/\/www.miralop.cl\/index.php\/wp-json\/wp\/v2\/posts"}],"about":[{"href":"https:\/\/www.miralop.cl\/index.php\/wp-json\/wp\/v2\/types\/post"}],"author":[{"embeddable":true,"href":"https:\/\/www.miralop.cl\/index.php\/wp-json\/wp\/v2\/users\/2"}],"replies":[{"embeddable":true,"href":"https:\/\/www.miralop.cl\/index.php\/wp-json\/wp\/v2\/comments?post=4365"}],"version-history":[{"count":0,"href":"https:\/\/www.miralop.cl\/index.php\/wp-json\/wp\/v2\/posts\/4365\/revisions"}],"wp:featuredmedia":[{"embeddable":true,"href":"https:\/\/www.miralop.cl\/index.php\/wp-json\/wp\/v2\/media\/4366"}],"wp:attachment":[{"href":"https:\/\/www.miralop.cl\/index.php\/wp-json\/wp\/v2\/media?parent=4365"}],"wp:term":[{"taxonomy":"category","embeddable":true,"href":"https:\/\/www.miralop.cl\/index.php\/wp-json\/wp\/v2\/categories?post=4365"},{"taxonomy":"post_tag","embeddable":true,"href":"https:\/\/www.miralop.cl\/index.php\/wp-json\/wp\/v2\/tags?post=4365"}],"curies":[{"name":"wp","href":"https:\/\/api.w.org\/{rel}","templated":true}]}}