{"id":4361,"date":"2022-03-02T17:27:32","date_gmt":"2022-03-02T19:27:32","guid":{"rendered":"https:\/\/www.miralop.cl\/?p=4361"},"modified":"2022-03-02T17:27:33","modified_gmt":"2022-03-02T19:27:33","slug":"seremi-de-salud-acompana-y-orienta-sobre-protocolos-sanitarios-en-los-establecimientos-educacionales","status":"publish","type":"post","link":"https:\/\/www.miralop.cl\/index.php\/seremi-de-salud-acompana-y-orienta-sobre-protocolos-sanitarios-en-los-establecimientos-educacionales\/","title":{"rendered":"SEREMI DE SALUD ACOMPA\u00d1A Y ORIENTA SOBRE PROTOCOLOS SANITARIOS EN LOS ESTABLECIMIENTOS EDUCACIONALES"},"content":{"rendered":"\n<p><\/p>\n\n\n\n<p><strong><em>Diversas ha sido las acciones que la Autoridad\nSanitaria ha realizado con las escuelas, liceos y colegios de Magallanes con el\nfin de disminuir el riesgo de contagio de Covid-19 en las aulas. <\/em><\/strong><\/p>\n\n\n\n<p>En\nla Escuela Manuel Bulnes, El Seremi de Salud (s) Eduardo Castillo, el alcalde\nde Punta Arenas Claudio Radonich y el Seremi (s) de Educaci\u00f3n Alejandro Cartes,\nverificaron el cumplimiento de protocolos sanitarios y la aplicaci\u00f3n de medidas\npreventivas previo al inicio de un nuevo a\u00f1o escolar. En la instancia, la\nAutoridad Sanitaria aprovech\u00f3 de dar a conocer las estrategias que la Seremi de\nSalud ha implementado con las comunidades educativas.<\/p>\n\n\n\n<p>Las\nautoridades invitaron a las comunidades escolares y a las familias de ni\u00f1os y\nni\u00f1as a iniciar el &nbsp;a\u00f1o acad\u00e9mico 2022 &nbsp;de manera segura, privilegiando el autocuidado\ny el respeto las diversas medidas sanitarias que deber\u00e1n seguir primando en los\ndiversos establecimientos educacionales en el marco de la pandemia que, aunque\nse ha ido transformando en el tiempo, a\u00fan se mantiene vigente con contagios de\nforma diaria.<\/p>\n\n\n\n<p>AL\nrespecto el Seremi (s) Eduardo Castillo se\u00f1al\u00f3: \u201cComo Autoridad Sanitaria\ndurante el a\u00f1o escolar 2021 llevamos a cabo diversas acciones que posibilitaron\nen general un buen semestre presencial. Esto consider\u00f3 la conformaci\u00f3n de 59\ncuadrillas sanitarias escolares que se convirtieron en instancias de educaci\u00f3n\ny prevenci\u00f3n en los diversos establecimientos de la regi\u00f3n junto a la detecci\u00f3n\ny seguimiento de posibles casos. Adem\u00e1s, se efectuaron m\u00e1s de 100 operativos de\ntesteo en jardines, escuelas, liceos, colegios con la aplicaci\u00f3n de m\u00e1s de 5.000\ntest de ant\u00edgenos y de manera Paralela desarrollamos investigaciones\nepidemiol\u00f3gicas ante la sospecha de casos positivos, determinando la existencia\nde brotes y de medidas para su respectiva contenci\u00f3n\u201d. <\/p>\n\n\n\n<p>Em\nla misma l\u00ednea, la Autoridad Sanitaria destac\u00f3 el proceso de vacunaci\u00f3n\nescolar, enfatizando que los adolescentes de Magallanes entre 12 a 17 a\u00f1os\nlograron el cumplimiento de un 100% en primera y segunda dosis. En tanto, la\nvacunaci\u00f3n de ni\u00f1os y ni\u00f1as entre 6 a 11 a\u00f1os tiene cobertura de un 94% en\nprimera dosis y de un 87% en segunda dosis. <\/p>\n\n\n\n<p>La\nalta tasa de vacunaci\u00f3n regional, ha generado que durante el a\u00f1o 2022 se\nreoriente la estrategia de testeo preventivo en comunidades escolares que\npresenten un brote determinado. <\/p>\n\n\n\n<p>Ante\nel registro de casos sospechosos y\/ o positivos ser\u00e1 la Autoridad Sanitaria\nencargada de liderar la investigaci\u00f3n epidemiol\u00f3gica, las medidas a adoptar y\nlos posibles contactos estrechos que involucre dicho brote.<\/p>\n\n\n\n<p>Ser\u00e1\nparte esencial de nuestra labor, tambi\u00e9n, la fiscalizaci\u00f3n de los diversos\nrecintos educativos para asegurar el cumplimiento de los protocolos.<\/p>\n\n\n\n<p>Lo\nimportante es que las comunidades escolares cumplan con las medidas b\u00e1sicas\ncomo uso permanente de mascarilla, lavado de manos peri\u00f3dicamente, ventilaci\u00f3n\npor sala y en cada establecimiento.<\/p>\n\n\n\n<p>\u201cHoy\nhemos observado que en las escuelas se ha cumplido con el protocolo sanitario,\nque fue elaborado en conjunto con el Ministerio de salud. Destacamos el trabajo\ndesarrollado por el sostenedor para tener todo a punto para ma\u00f1ana y al equipo\ndirectivo de este establecimiento que se encuentra trabajando en implementar\nlos \u00faltimos detalles para el retorno a clases presenciales que se inicia el 2\nde marzo. Hoy, adem\u00e1s hemos visto el entusiasmo de los docentes y equipos de\nasistentes de la educaci\u00f3n que ya esperan a sus alumnos en este nuevo retorno,\ny poder apoyarlos desde el primer d\u00eda para recuperar los aprendizajes. Llamamos\na los padres y apoderados a enviar a sus hijos al colegio con tranquilidad,\nporque el protocolo elaborado permitir\u00e1 entregar confianza en que las medidas\nde seguridad se cumplir\u00e1n al pie de la letra. Lo reiteramos: los\nestablecimientos educacionales son lugares seguros\u201d, agreg\u00f3 el Seremi de\nEducaci\u00f3n (s), Alejandro Cartes. \n\nFinalmente el Alcalde de\nPunta Arenas , Claudio Radonich puntualiz\u00f3 que: \u201c Los establecimientos\nmunicipales est\u00e1n preparados para un nuevo a\u00f1o escolar pero no solo basta con\nel uso de mascarillas y&nbsp; el cumplimiento\nde las medidas preventivas, deben los padres y apoderados mantener las medidas\nen el hogar&nbsp; y participar tambi\u00e9n del\nproceso de vacunaci\u00f3n autorizando la vacuna a los escolares,&nbsp; pues est\u00e1 comprobado que reduce las\nposibilidades de presentar cuadros graves\u201d. \n\n\n\n<\/p>\n","protected":false},"excerpt":{"rendered":"<p>Diversas ha sido las acciones que la Autoridad Sanitaria ha realizado con las escuelas, liceos&#8230;<\/p>\n","protected":false},"author":2,"featured_media":4362,"comment_status":"closed","ping_status":"closed","sticky":false,"template":"","format":"standard","meta":{"footnotes":""},"categories":[69],"tags":[],"class_list":["post-4361","post","type-post","status-publish","format-standard","has-post-thumbnail","hentry","category-salud"],"featured_image_urls":{"full":["https:\/\/www.miralop.cl\/wp-content\/uploads\/2022\/03\/IMG_20220301_112913-scaled.jpg",2560,1920,false],"thumbnail":["https:\/\/www.miralop.cl\/wp-content\/uploads\/2022\/03\/IMG_20220301_112913-150x150.jpg",150,150,true],"medium":["https:\/\/www.miralop.cl\/wp-content\/uploads\/2022\/03\/IMG_20220301_112913-300x225.jpg",300,225,true],"medium_large":["https:\/\/www.miralop.cl\/wp-content\/uploads\/2022\/03\/IMG_20220301_112913-768x576.jpg",640,480,true],"large":["https:\/\/www.miralop.cl\/wp-content\/uploads\/2022\/03\/IMG_20220301_112913-1440x1080.jpg",640,480,true],"1536x1536":["https:\/\/www.miralop.cl\/wp-content\/uploads\/2022\/03\/IMG_20220301_112913-1536x1152.jpg",1536,1152,true],"2048x2048":["https:\/\/www.miralop.cl\/wp-content\/uploads\/2022\/03\/IMG_20220301_112913-2048x1536.jpg",2048,1536,true],"covernews-slider-full":["https:\/\/www.miralop.cl\/wp-content\/uploads\/2022\/03\/IMG_20220301_112913-scaled.jpg",953,715,false],"covernews-slider-center":["https:\/\/www.miralop.cl\/wp-content\/uploads\/2022\/03\/IMG_20220301_112913-scaled.jpg",667,500,false],"covernews-featured":["https:\/\/www.miralop.cl\/wp-content\/uploads\/2022\/03\/IMG_20220301_112913-scaled.jpg",1024,768,false],"covernews-medium":["https:\/\/www.miralop.cl\/wp-content\/uploads\/2022\/03\/IMG_20220301_112913-scaled.jpg",453,340,false],"covernews-medium-square":["https:\/\/www.miralop.cl\/wp-content\/uploads\/2022\/03\/IMG_20220301_112913-scaled.jpg",333,250,false],"sow-carousel-default":["https:\/\/www.miralop.cl\/wp-content\/uploads\/2022\/03\/IMG_20220301_112913-272x182.jpg",272,182,true]},"author_info":{"display_name":"MIRALO","author_link":"https:\/\/www.miralop.cl\/index.php\/author\/miralop\/"},"category_info":"<a href=\"https:\/\/www.miralop.cl\/index.php\/category\/salud\/\" rel=\"category tag\">SALUD<\/a>","tag_info":"SALUD","comment_count":"0","_links":{"self":[{"href":"https:\/\/www.miralop.cl\/index.php\/wp-json\/wp\/v2\/posts\/4361","targetHints":{"allow":["GET"]}}],"collection":[{"href":"https:\/\/www.miralop.cl\/index.php\/wp-json\/wp\/v2\/posts"}],"about":[{"href":"https:\/\/www.miralop.cl\/index.php\/wp-json\/wp\/v2\/types\/post"}],"author":[{"embeddable":true,"href":"https:\/\/www.miralop.cl\/index.php\/wp-json\/wp\/v2\/users\/2"}],"replies":[{"embeddable":true,"href":"https:\/\/www.miralop.cl\/index.php\/wp-json\/wp\/v2\/comments?post=4361"}],"version-history":[{"count":0,"href":"https:\/\/www.miralop.cl\/index.php\/wp-json\/wp\/v2\/posts\/4361\/revisions"}],"wp:featuredmedia":[{"embeddable":true,"href":"https:\/\/www.miralop.cl\/index.php\/wp-json\/wp\/v2\/media\/4362"}],"wp:attachment":[{"href":"https:\/\/www.miralop.cl\/index.php\/wp-json\/wp\/v2\/media?parent=4361"}],"wp:term":[{"taxonomy":"category","embeddable":true,"href":"https:\/\/www.miralop.cl\/index.php\/wp-json\/wp\/v2\/categories?post=4361"},{"taxonomy":"post_tag","embeddable":true,"href":"https:\/\/www.miralop.cl\/index.php\/wp-json\/wp\/v2\/tags?post=4361"}],"curies":[{"name":"wp","href":"https:\/\/api.w.org\/{rel}","templated":true}]}}