{"id":4320,"date":"2021-12-06T21:10:39","date_gmt":"2021-12-06T23:10:39","guid":{"rendered":"https:\/\/www.miralop.cl\/?p=4320"},"modified":"2021-12-06T21:10:56","modified_gmt":"2021-12-06T23:10:56","slug":"vacunacion-contra-covid-19-esta-semana-se-inicia-inoculacion-a-ninos-as-entre-3-y-5-anos","status":"publish","type":"post","link":"https:\/\/www.miralop.cl\/index.php\/vacunacion-contra-covid-19-esta-semana-se-inicia-inoculacion-a-ninos-as-entre-3-y-5-anos\/","title":{"rendered":"VACUNACI\u00d3N CONTRA COVID-19: ESTA SEMANA SE INICIA INOCULACI\u00d3N A NI\u00d1OS\/AS ENTRE 3 Y 5 A\u00d1OS"},"content":{"rendered":"\n<p><\/p>\n\n\n\n<p><strong><em>De acuerdo a la proyecci\u00f3n\ndel Censo 2017, la poblaci\u00f3n estimada a vacunar en Magallanes ser\u00e1 del orden de\n6.110 ni\u00f1os y ni\u00f1as.<\/em><\/strong><\/p>\n\n\n\n<p>En dependencias del Gimnasio de la Confederaci\u00f3n\nDeportiva hoy se dio inicio a la inmunizaci\u00f3n ni\u00f1os y ni\u00f1as entre 3 a 5 a\u00f1os con\ncomorbilidades, instancia en donde Francisco Hidalgo (5 a\u00f1os) y Baltazar\nAlvarado (3 a\u00f1os) recibieron la vacuna Coronavac del laboratorio Sinovac, de\nacuerdo al calendario anunciado por el Ministerio de Salud, el cual prosigue el\njueves 9 de diciembre con la vacunaci\u00f3n al resto de los menores de este rango\nde edad.<\/p>\n\n\n\n<p>Durante este nuevo hito en la campa\u00f1a\nde vacunaci\u00f3n regional, estuvieron Autoridades de Gobierno y Salud regionales junto\na los padres de los ni\u00f1os inoculados, quienes agradecieron la oportunidad de\nvacunar a los menores. Al respecto, B\u00e1rbara Salazar, mam\u00e1 de Francisco se\u00f1al\u00f3 que:\u201d\nComo familia estamos muy contentos, lo esper\u00e1bamos hace mucho tiempo, cuando\nnos dieron esta noticia saltamos de felicidad. Francisco vino sin miedo pues le\nconversamos de lo que se trata y que la vacuna lo ayudar\u00e1 mucho\u201d, mientras que\nFrancisco indic\u00f3: \u201cEstoy contento, no tuve miedo\u201d. <\/p>\n\n\n\n<p>De acuerdo a la proyecci\u00f3n del Censo\n2017, la poblaci\u00f3n estimada a vacunar en Magallanes ser\u00e1 del orden de 6.110\nni\u00f1os y ni\u00f1as de estas edades. Esto permitir\u00e1 continuar ampliando la cobertura\nen la poblaci\u00f3n frente al Covid-19. \u201cEsta vacunaci\u00f3n permitir\u00e1 aumentar la protecci\u00f3n\nen la comunidad. Tenemos espacios amplios y protegidos por lo que el llamado a\nlos padres y\/o tutores es autorizar la vacuna de sus menores y acudir a los\ncentros de vacunaci\u00f3n\u201d, agreg\u00f3 Vivian Garay, Jefa de Salud P\u00fablica de la SEREMI\nde Salud Magallanes. <\/p>\n\n\n\n<p>La semana ante pasada el Instituto\nde Salud P\u00fablica (ISP) autoriz\u00f3 el uso de la vacuna CoronaVac, del laboratorio\nSinovac, para ni\u00f1os a partir de 3 a\u00f1os. La autorizaci\u00f3n se bas\u00f3 en el an\u00e1lisis\nque realiz\u00f3 la Instituci\u00f3n de los estudios efectuados por el laboratorio chino\nSinovac, el cual abarca datos de 100 millones de dosis aplicadas a menores\nentre tres y 17 a\u00f1os.<\/p>\n\n\n\n<p>Cabe recordar que el comit\u00e9 de expertos\ndel ISP durante la evaluaci\u00f3n realizada el 6 de septiembre de este a\u00f1o, cuando\nse autoriz\u00f3 la vacunaci\u00f3n a partir de los 6 a\u00f1os, solicit\u00f3 al laboratorio m\u00e1s\nantecedentes para analizar la seguridad en el rango etario entre los tres y\nseis a\u00f1os. Fue as\u00ed como el 25 de noviembre se reuni\u00f3 el comit\u00e9 externo e\ninterno, instancia en la cual se concluy\u00f3 que los antecedentes presentados por\nSinovac y por el Instituto Milenium de la UC respaldan la decisi\u00f3n de ampliar\nel rango etario.<\/p>\n\n\n\n<p>En la misma l\u00ednea, la Delegada Presidencial\nRegional, Jenniffer Rojas agreg\u00f3 que: \u201dEste proceso de vacunaci\u00f3n ha sido\nexitoso en nuestra regi\u00f3n y hoy tras el inicio de los menores entre 3 y 5 a\u00f1os\ncon comorbilidades aumentaremos la cobertura regional. El llamado es a seguir cuid\u00e1ndonos,\ntraer a los peque\u00f1os a vacunarse y muy importante, mantener las medidas preventivas\ncomo son el lavado de manos, distancia f\u00edsica, ventilaci\u00f3n de espacios y el uso\nde mascarilla. La pandemia continua pero ahora tenemos muchas m\u00e1s herramientas para\ncombatirlas\u201d. &nbsp;<\/p>\n\n\n\n<p>En tanto, Ignacio Alvarado, pap\u00e1 de\nBaltazar (3) concluy\u00f3 que: \u201cQuisimos vacunar a Baltazar porque prontamente entrar\u00e1\na una cirug\u00eda importante y estaremos mucho tiempo en hospitales por lo que est\u00e1bamos\nesperando por esto\u201d. <\/p>\n\n\n\n<p>En la ocasi\u00f3n se destac\u00f3 el trabajo llevado a cabo entre Seremi,\nServicio de Salud, Atenci\u00f3n Primaria de Salud, municipalidades y privados, para\nque aunando esfuerzos se haya podido efectuar esta campa\u00f1a de vacunaci\u00f3n como\nse ha desarrollado a la fecha, y continuar con este importante proceso con los\nnuevos grupos que se han ido incorporando.<\/p>\n\n\n\n<p><strong>Vacunatorios para ni\u00f1os\/as en Punta\nArenas <\/strong><\/p>\n\n\n\n<p>En relaci\u00f3n a la vacunaci\u00f3n del\nnuevo p\u00fablico objetivo de ni\u00f1os y ni\u00f1as de 3 a 5 a\u00f1os, se hace la salvedad que\nlos padres y apoderados pueden concurrir en Punta Arenas a los siguientes\npuntos de vacunaci\u00f3n:<\/p>\n\n\n\n<p>Horario de 10.00 a 15.30 horas:<\/p>\n\n\n\n<p>\u2022&nbsp;&nbsp;&nbsp;&nbsp;&nbsp;&nbsp;&nbsp; Escuela\n18 de Septiembre.<\/p>\n\n\n\n<p>\u2022&nbsp;&nbsp;&nbsp;&nbsp;&nbsp;&nbsp;&nbsp; Gimnasio\nLiceo Bicentenario Luis Alberto Barrera.<\/p>\n\n\n\n<p>\u2022&nbsp;&nbsp;&nbsp;&nbsp;&nbsp;&nbsp;&nbsp; Casa\ndel Soldado, en Quillota entre Jos\u00e9 Men\u00e9ndez y Avenida Col\u00f3n. (Este \u00faltimo ha\ntenido una menor demanda, por eso se reitera que es una buena alternativa para\nconcurrir)<\/p>\n\n\n\n<p>Horario de 10.00 a 15.30 horas, y de\n16.00 a 20.30 horas:<\/p>\n\n\n\n<p>\u2022&nbsp;&nbsp;&nbsp;&nbsp;&nbsp;&nbsp;&nbsp; Gimnasio\nde la Confederaci\u00f3n Deportiva<\/p>\n\n\n\n<p>El punto de vacunaci\u00f3n contra\nCovid-19 en el segundo piso de Zona Franca funcionar\u00e1 solo para adultos, y el\ndel primer piso ser\u00e1 para mayores de 12 a\u00f1os. <\/p>\n","protected":false},"excerpt":{"rendered":"<p>De acuerdo a la proyecci\u00f3n del Censo 2017, la poblaci\u00f3n estimada a vacunar en Magallanes&#8230;<\/p>\n","protected":false},"author":2,"featured_media":4321,"comment_status":"closed","ping_status":"closed","sticky":false,"template":"","format":"standard","meta":{"footnotes":""},"categories":[69],"tags":[],"class_list":["post-4320","post","type-post","status-publish","format-standard","has-post-thumbnail","hentry","category-salud"],"featured_image_urls":{"full":["https:\/\/www.miralop.cl\/wp-content\/uploads\/2021\/12\/vacuna-ni\u00f1os.jpg",1280,853,false],"thumbnail":["https:\/\/www.miralop.cl\/wp-content\/uploads\/2021\/12\/vacuna-ni\u00f1os-150x150.jpg",150,150,true],"medium":["https:\/\/www.miralop.cl\/wp-content\/uploads\/2021\/12\/vacuna-ni\u00f1os-300x200.jpg",300,200,true],"medium_large":["https:\/\/www.miralop.cl\/wp-content\/uploads\/2021\/12\/vacuna-ni\u00f1os-768x512.jpg",640,427,true],"large":["https:\/\/www.miralop.cl\/wp-content\/uploads\/2021\/12\/vacuna-ni\u00f1os.jpg",640,427,false],"1536x1536":["https:\/\/www.miralop.cl\/wp-content\/uploads\/2021\/12\/vacuna-ni\u00f1os.jpg",1280,853,false],"2048x2048":["https:\/\/www.miralop.cl\/wp-content\/uploads\/2021\/12\/vacuna-ni\u00f1os.jpg",1280,853,false],"covernews-slider-full":["https:\/\/www.miralop.cl\/wp-content\/uploads\/2021\/12\/vacuna-ni\u00f1os.jpg",1073,715,false],"covernews-slider-center":["https:\/\/www.miralop.cl\/wp-content\/uploads\/2021\/12\/vacuna-ni\u00f1os.jpg",750,500,false],"covernews-featured":["https:\/\/www.miralop.cl\/wp-content\/uploads\/2021\/12\/vacuna-ni\u00f1os.jpg",1024,682,false],"covernews-medium":["https:\/\/www.miralop.cl\/wp-content\/uploads\/2021\/12\/vacuna-ni\u00f1os.jpg",510,340,false],"covernews-medium-square":["https:\/\/www.miralop.cl\/wp-content\/uploads\/2021\/12\/vacuna-ni\u00f1os.jpg",375,250,false],"sow-carousel-default":["https:\/\/www.miralop.cl\/wp-content\/uploads\/2021\/12\/vacuna-ni\u00f1os-272x182.jpg",272,182,true]},"author_info":{"display_name":"MIRALO","author_link":"https:\/\/www.miralop.cl\/index.php\/author\/miralop\/"},"category_info":"<a href=\"https:\/\/www.miralop.cl\/index.php\/category\/salud\/\" rel=\"category tag\">SALUD<\/a>","tag_info":"SALUD","comment_count":"0","_links":{"self":[{"href":"https:\/\/www.miralop.cl\/index.php\/wp-json\/wp\/v2\/posts\/4320","targetHints":{"allow":["GET"]}}],"collection":[{"href":"https:\/\/www.miralop.cl\/index.php\/wp-json\/wp\/v2\/posts"}],"about":[{"href":"https:\/\/www.miralop.cl\/index.php\/wp-json\/wp\/v2\/types\/post"}],"author":[{"embeddable":true,"href":"https:\/\/www.miralop.cl\/index.php\/wp-json\/wp\/v2\/users\/2"}],"replies":[{"embeddable":true,"href":"https:\/\/www.miralop.cl\/index.php\/wp-json\/wp\/v2\/comments?post=4320"}],"version-history":[{"count":0,"href":"https:\/\/www.miralop.cl\/index.php\/wp-json\/wp\/v2\/posts\/4320\/revisions"}],"wp:featuredmedia":[{"embeddable":true,"href":"https:\/\/www.miralop.cl\/index.php\/wp-json\/wp\/v2\/media\/4321"}],"wp:attachment":[{"href":"https:\/\/www.miralop.cl\/index.php\/wp-json\/wp\/v2\/media?parent=4320"}],"wp:term":[{"taxonomy":"category","embeddable":true,"href":"https:\/\/www.miralop.cl\/index.php\/wp-json\/wp\/v2\/categories?post=4320"},{"taxonomy":"post_tag","embeddable":true,"href":"https:\/\/www.miralop.cl\/index.php\/wp-json\/wp\/v2\/tags?post=4320"}],"curies":[{"name":"wp","href":"https:\/\/api.w.org\/{rel}","templated":true}]}}