{"id":4079,"date":"2021-01-27T23:38:22","date_gmt":"2021-01-28T01:38:22","guid":{"rendered":"https:\/\/www.miralop.cl\/?p=4079"},"modified":"2021-01-27T23:38:23","modified_gmt":"2021-01-28T01:38:23","slug":"seremi-de-gobierno-destaca-que-core-aprobo-las-bases-del-concurso-del-fondo-de-medios-de-comunicacion-2021","status":"publish","type":"post","link":"https:\/\/www.miralop.cl\/index.php\/seremi-de-gobierno-destaca-que-core-aprobo-las-bases-del-concurso-del-fondo-de-medios-de-comunicacion-2021\/","title":{"rendered":"Seremi de Gobierno destaca que CORE aprob\u00f3 las bases del concurso del Fondo de Medios de Comunicaci\u00f3n 2021"},"content":{"rendered":"\n<p>La seremi de Gobierno, Alejandra Mu\u00f1oz Quiroz, destac\u00f3 que el Consejo Regional de Magallanes y de la Ant\u00e1rtica Chilena aprobara la propuesta de las bases del Fondo de Medios de Comunicaci\u00f3n 2021, concurso que a\u00f1o a a\u00f1o impulsa el ministerio Secretaria General de Gobierno a trav\u00e9s de las secretarias regionales. Para este a\u00f1o, el presupuesto total para el Fondo de Medios en la regi\u00f3n considera una asignaci\u00f3n de recursos por $93.617.084, y seg\u00fan lo planificado, las postulaciones comienzan desde el lunes 01 de marzo y se extienden hasta el mi\u00e9rcoles 31 de marzo del a\u00f1o en curso. Para la vocera del Gobierno Regional, \u201ceste fondo permite que los medios de comunicaci\u00f3n tengan un apoyo econ\u00f3mico para seguir realizando su labor que es indispensable para la democracia, donde se reconoce adem\u00e1s el gran esfuerzo puesto en la pandemia, manteniendo un rol importante en la difusi\u00f3n de la informaci\u00f3n y en la educaci\u00f3n en torno a las medidas preventivas que se han establecido desde la autoridad sanitaria, siendo permanentemente un puente entre los ciudadanos y sus autoridades\u201d. El concurso est\u00e1 dirigido a todos los medios de comunicaci\u00f3n social chilenos, sean personas naturales o jur\u00eddicas, a trav\u00e9s de prensa escrita, radiodifusi\u00f3n sonora, televisi\u00f3n se\u00f1al abierta o por cable y, medios electr\u00f3nicos. El Fondo de Medios fue creado en el a\u00f1o 2001, en el marco de la ley N\u00b019.733 sobre Libertad de Opini\u00f3n e Informaci\u00f3n y Ejercicio del Periodismo. Esta normativa contempla recursos para la realizaci\u00f3n, edici\u00f3n y difusi\u00f3n de programas o suplementos de car\u00e1cter regional o local que refuercen el rol de la comunicaci\u00f3n en el desarrollo social y cultural de nuestro pa\u00eds, rescatando la identidad propia de cada Regi\u00f3n. Finalmente, la seremi Mu\u00f1oz indic\u00f3 que \u201cel a\u00f1o pasado se adjudicaron 26 proyectos gracias al trabajo realizado en la comisi\u00f3n regional y este a\u00f1o esperamos contar con una cantidad  similar o mayor de iniciativas, considerando que hay un leve incremento en los recursos asignados a la regi\u00f3n\u201d.  <\/p>\n","protected":false},"excerpt":{"rendered":"<p>La seremi de Gobierno, Alejandra Mu\u00f1oz Quiroz, destac\u00f3 que el Consejo Regional de Magallanes y&#8230;<\/p>\n","protected":false},"author":2,"featured_media":4080,"comment_status":"closed","ping_status":"closed","sticky":false,"template":"","format":"standard","meta":{"footnotes":""},"categories":[5],"tags":[],"class_list":["post-4079","post","type-post","status-publish","format-standard","has-post-thumbnail","hentry","category-sociedad"],"featured_image_urls":{"full":["https:\/\/www.miralop.cl\/wp-content\/uploads\/2021\/01\/WhatsApp-Image-2021-01-27-at-15.48.56.jpeg",1280,720,false],"thumbnail":["https:\/\/www.miralop.cl\/wp-content\/uploads\/2021\/01\/WhatsApp-Image-2021-01-27-at-15.48.56-150x150.jpeg",150,150,true],"medium":["https:\/\/www.miralop.cl\/wp-content\/uploads\/2021\/01\/WhatsApp-Image-2021-01-27-at-15.48.56-300x169.jpeg",300,169,true],"medium_large":["https:\/\/www.miralop.cl\/wp-content\/uploads\/2021\/01\/WhatsApp-Image-2021-01-27-at-15.48.56-768x432.jpeg",640,360,true],"large":["https:\/\/www.miralop.cl\/wp-content\/uploads\/2021\/01\/WhatsApp-Image-2021-01-27-at-15.48.56.jpeg",640,360,false],"1536x1536":["https:\/\/www.miralop.cl\/wp-content\/uploads\/2021\/01\/WhatsApp-Image-2021-01-27-at-15.48.56.jpeg",1280,720,false],"2048x2048":["https:\/\/www.miralop.cl\/wp-content\/uploads\/2021\/01\/WhatsApp-Image-2021-01-27-at-15.48.56.jpeg",1280,720,false],"covernews-slider-full":["https:\/\/www.miralop.cl\/wp-content\/uploads\/2021\/01\/WhatsApp-Image-2021-01-27-at-15.48.56.jpeg",1115,627,false],"covernews-slider-center":["https:\/\/www.miralop.cl\/wp-content\/uploads\/2021\/01\/WhatsApp-Image-2021-01-27-at-15.48.56.jpeg",800,450,false],"covernews-featured":["https:\/\/www.miralop.cl\/wp-content\/uploads\/2021\/01\/WhatsApp-Image-2021-01-27-at-15.48.56.jpeg",1024,576,false],"covernews-medium":["https:\/\/www.miralop.cl\/wp-content\/uploads\/2021\/01\/WhatsApp-Image-2021-01-27-at-15.48.56.jpeg",540,304,false],"covernews-medium-square":["https:\/\/www.miralop.cl\/wp-content\/uploads\/2021\/01\/WhatsApp-Image-2021-01-27-at-15.48.56.jpeg",400,225,false],"sow-carousel-default":["https:\/\/www.miralop.cl\/wp-content\/uploads\/2021\/01\/WhatsApp-Image-2021-01-27-at-15.48.56-272x182.jpeg",272,182,true]},"author_info":{"display_name":"MIRALO","author_link":"https:\/\/www.miralop.cl\/index.php\/author\/miralop\/"},"category_info":"<a href=\"https:\/\/www.miralop.cl\/index.php\/category\/sociedad\/\" rel=\"category tag\">SOCIEDAD<\/a>","tag_info":"SOCIEDAD","comment_count":"0","_links":{"self":[{"href":"https:\/\/www.miralop.cl\/index.php\/wp-json\/wp\/v2\/posts\/4079","targetHints":{"allow":["GET"]}}],"collection":[{"href":"https:\/\/www.miralop.cl\/index.php\/wp-json\/wp\/v2\/posts"}],"about":[{"href":"https:\/\/www.miralop.cl\/index.php\/wp-json\/wp\/v2\/types\/post"}],"author":[{"embeddable":true,"href":"https:\/\/www.miralop.cl\/index.php\/wp-json\/wp\/v2\/users\/2"}],"replies":[{"embeddable":true,"href":"https:\/\/www.miralop.cl\/index.php\/wp-json\/wp\/v2\/comments?post=4079"}],"version-history":[{"count":0,"href":"https:\/\/www.miralop.cl\/index.php\/wp-json\/wp\/v2\/posts\/4079\/revisions"}],"wp:featuredmedia":[{"embeddable":true,"href":"https:\/\/www.miralop.cl\/index.php\/wp-json\/wp\/v2\/media\/4080"}],"wp:attachment":[{"href":"https:\/\/www.miralop.cl\/index.php\/wp-json\/wp\/v2\/media?parent=4079"}],"wp:term":[{"taxonomy":"category","embeddable":true,"href":"https:\/\/www.miralop.cl\/index.php\/wp-json\/wp\/v2\/categories?post=4079"},{"taxonomy":"post_tag","embeddable":true,"href":"https:\/\/www.miralop.cl\/index.php\/wp-json\/wp\/v2\/tags?post=4079"}],"curies":[{"name":"wp","href":"https:\/\/api.w.org\/{rel}","templated":true}]}}