{"id":4066,"date":"2021-01-17T14:39:49","date_gmt":"2021-01-17T16:39:49","guid":{"rendered":"https:\/\/www.miralop.cl\/?p=4066"},"modified":"2021-01-17T14:39:51","modified_gmt":"2021-01-17T16:39:51","slug":"integra-anuncia-postulacion-online-2021-para-sus-jardines-infantiles","status":"publish","type":"post","link":"https:\/\/www.miralop.cl\/index.php\/integra-anuncia-postulacion-online-2021-para-sus-jardines-infantiles\/","title":{"rendered":"Integra anuncia postulaci\u00f3n online 2021 para   sus jardines infantiles"},"content":{"rendered":"\n<p>La fundaci\u00f3n, que brinda educaci\u00f3n parvularia gratuita a m\u00e1s de 90 mil ni\u00f1as y ni\u00f1os en todo Chile, iniciar\u00e1 el proceso de postulaci\u00f3n online el lunes 18 de enero en la Regi\u00f3n de Magallanes.<br> Debido a la pandemia del Covid19, Fundaci\u00f3n Integra anunci\u00f3 que el proceso de postulaci\u00f3n 2021 ser\u00e1 online para sus m\u00e1s de mil jardines infantiles y salas cuna a nivel nacional. De esta manera, se busca privilegiar la seguridad y protecci\u00f3n de los equipos educativos y de las familias, especialmente en las comunas que se encuentran en cuarentena o fase de transici\u00f3n. <br> En la instituci\u00f3n explicaron que el proceso de postulaci\u00f3n presencial ser\u00e1 un complemento al sistema online, al que podr\u00e1n optar las familias que tengan dificultades para realizar la postulaci\u00f3n digital, que parti\u00f3 el 7 de diciembre en la Regi\u00f3n Metropolitana y continuar\u00e1 el 18 de enero en la regi\u00f3n de Magallanes y el resto del pa\u00eds. <br> El nuevo sistema de postulaci\u00f3n online, disponible en www.integra.cl, es un hito en los 30 a\u00f1os de vida de la Fundaci\u00f3n, por lo que el director ejecutivo de la instituci\u00f3n, Jos\u00e9 Manuel Ready, destac\u00f3 la importancia de modernizar los sistemas de gesti\u00f3n y entregarle a los apoderados y a los equipos educativos facilidades para desarrollar con \u00e9xito un proceso clave en la primera infancia. \u201cInvitamos a las familias a postular a sus hijos e hijas y aprovechar la oportunidad de participar en el proyecto educativo de la Fundaci\u00f3n, que est\u00e1 enfocado en que los ni\u00f1os aprendan jugando\u201d, coment\u00f3 Ready, al referirse a la importancia de la educaci\u00f3n inicial en el desarrollo emocional y cognitivo de los ni\u00f1os. <br> \u00bfC\u00f3mo funciona la postulaci\u00f3n online?<br> Para postular, el apoderado\/a debe completar un formulario en l\u00ednea que considera el RUN del ni\u00f1o o ni\u00f1a como dato prioritario. En el caso de las familias migrantes que a\u00fan no cuenten con registro chileno, podr\u00e1n postular con el IPA (Identificador Provisorio del Apoderado) e IPE (Identificador Provisorio del Estudiante)<br> Asimismo, la plataforma de postulaci\u00f3n online permitir\u00e1 que las familias puedan inscribirse en todos los establecimientos que estimen conveniente, considerando la cercan\u00eda al hogar o lugar de trabajo, proyecto educativo, si cuenta con Reconocimiento Oficial o extensi\u00f3n horaria (atenci\u00f3n de 16:30 a 19:30 horas), entre otras variables. Las familias, tambi\u00e9n, podr\u00e1n ordenar los jardines infantiles y salas cuna seg\u00fan su preferencia para as\u00ed tener m\u00e1s opciones de obtener una vacante.<br> Al respecto, el director ejecutivo de Integra, Jos\u00e9 Manuel Ready, destac\u00f3 que \u201cel sistema online permite que las familias se inscriban hasta febrero 2021, entregando seguridad a los apoderados y los equipos educativos, especialmente en comunas que est\u00e1n en cuarentena\u201d.<br> Resultados de postulaci\u00f3n<br> Los resultados de la postulaci\u00f3n, as\u00ed como los ni\u00f1os y ni\u00f1as seleccionados estar\u00e1n disponibles a finales de febrero en www.integra.cl, para que las familias realicen la matr\u00edcula presencialmente durante marzo en los jardines infantiles y salas cuna respectivos, siempre que las condiciones sanitarias lo permitan. <br> Integra pertenece a la Red de Fundaciones de la Presidencia de la Rep\u00fablica. Cuenta con 30 a\u00f1os de experiencia y es la red m\u00e1s grande de salas cuna y jardines infantiles del pa\u00eds con administraci\u00f3n directa.<br> \u00bfA qu\u00e9 nivel corresponde mi hijo o hija?<br> \u2022    Sala Cuna Menor: 3 meses a 1 a\u00f1o.<br> \u2022    Sala Cuna Mayor: 1 a 2 a\u00f1os (edad cumplida a marzo 2021, 1 a\u00f1o).<br> \u2022    Nivel Medio Menor: 2 a 3 a\u00f1os (edad cumplida a marzo 2021, 2 a\u00f1os).<br> \u2022    Nivel Medio Mayor: 3 a 4 a\u00f1os (edad cumplida a marzo 2021, 3 a\u00f1os).<br> \u2022    Transici\u00f3n: 4 a 5 a\u00f1os (edad cumplida a marzo 2021, 4 a\u00f1os).<\/p>\n","protected":false},"excerpt":{"rendered":"<p>La fundaci\u00f3n, que brinda educaci\u00f3n parvularia gratuita a m\u00e1s de 90 mil ni\u00f1as y ni\u00f1os&#8230;<\/p>\n","protected":false},"author":2,"featured_media":4067,"comment_status":"closed","ping_status":"closed","sticky":false,"template":"","format":"standard","meta":{"footnotes":""},"categories":[70],"tags":[],"class_list":["post-4066","post","type-post","status-publish","format-standard","has-post-thumbnail","hentry","category-educacion"],"featured_image_urls":{"full":["https:\/\/www.miralop.cl\/wp-content\/uploads\/2021\/01\/Afiche-Postulaci\u00f3n-2021.jpg",1080,1350,false],"thumbnail":["https:\/\/www.miralop.cl\/wp-content\/uploads\/2021\/01\/Afiche-Postulaci\u00f3n-2021-150x150.jpg",150,150,true],"medium":["https:\/\/www.miralop.cl\/wp-content\/uploads\/2021\/01\/Afiche-Postulaci\u00f3n-2021-240x300.jpg",240,300,true],"medium_large":["https:\/\/www.miralop.cl\/wp-content\/uploads\/2021\/01\/Afiche-Postulaci\u00f3n-2021-768x960.jpg",640,800,true],"large":["https:\/\/www.miralop.cl\/wp-content\/uploads\/2021\/01\/Afiche-Postulaci\u00f3n-2021-864x1080.jpg",640,800,true],"1536x1536":["https:\/\/www.miralop.cl\/wp-content\/uploads\/2021\/01\/Afiche-Postulaci\u00f3n-2021.jpg",1080,1350,false],"2048x2048":["https:\/\/www.miralop.cl\/wp-content\/uploads\/2021\/01\/Afiche-Postulaci\u00f3n-2021.jpg",1080,1350,false],"covernews-slider-full":["https:\/\/www.miralop.cl\/wp-content\/uploads\/2021\/01\/Afiche-Postulaci\u00f3n-2021.jpg",572,715,false],"covernews-slider-center":["https:\/\/www.miralop.cl\/wp-content\/uploads\/2021\/01\/Afiche-Postulaci\u00f3n-2021.jpg",400,500,false],"covernews-featured":["https:\/\/www.miralop.cl\/wp-content\/uploads\/2021\/01\/Afiche-Postulaci\u00f3n-2021.jpg",1024,1280,false],"covernews-medium":["https:\/\/www.miralop.cl\/wp-content\/uploads\/2021\/01\/Afiche-Postulaci\u00f3n-2021.jpg",272,340,false],"covernews-medium-square":["https:\/\/www.miralop.cl\/wp-content\/uploads\/2021\/01\/Afiche-Postulaci\u00f3n-2021.jpg",200,250,false],"sow-carousel-default":["https:\/\/www.miralop.cl\/wp-content\/uploads\/2021\/01\/Afiche-Postulaci\u00f3n-2021-272x182.jpg",272,182,true]},"author_info":{"display_name":"MIRALO","author_link":"https:\/\/www.miralop.cl\/index.php\/author\/miralop\/"},"category_info":"<a href=\"https:\/\/www.miralop.cl\/index.php\/category\/educacion\/\" rel=\"category tag\">EDUCACI\u00d3N<\/a>","tag_info":"EDUCACI\u00d3N","comment_count":"0","_links":{"self":[{"href":"https:\/\/www.miralop.cl\/index.php\/wp-json\/wp\/v2\/posts\/4066","targetHints":{"allow":["GET"]}}],"collection":[{"href":"https:\/\/www.miralop.cl\/index.php\/wp-json\/wp\/v2\/posts"}],"about":[{"href":"https:\/\/www.miralop.cl\/index.php\/wp-json\/wp\/v2\/types\/post"}],"author":[{"embeddable":true,"href":"https:\/\/www.miralop.cl\/index.php\/wp-json\/wp\/v2\/users\/2"}],"replies":[{"embeddable":true,"href":"https:\/\/www.miralop.cl\/index.php\/wp-json\/wp\/v2\/comments?post=4066"}],"version-history":[{"count":0,"href":"https:\/\/www.miralop.cl\/index.php\/wp-json\/wp\/v2\/posts\/4066\/revisions"}],"wp:featuredmedia":[{"embeddable":true,"href":"https:\/\/www.miralop.cl\/index.php\/wp-json\/wp\/v2\/media\/4067"}],"wp:attachment":[{"href":"https:\/\/www.miralop.cl\/index.php\/wp-json\/wp\/v2\/media?parent=4066"}],"wp:term":[{"taxonomy":"category","embeddable":true,"href":"https:\/\/www.miralop.cl\/index.php\/wp-json\/wp\/v2\/categories?post=4066"},{"taxonomy":"post_tag","embeddable":true,"href":"https:\/\/www.miralop.cl\/index.php\/wp-json\/wp\/v2\/tags?post=4066"}],"curies":[{"name":"wp","href":"https:\/\/api.w.org\/{rel}","templated":true}]}}