{"id":3560,"date":"2019-03-19T00:10:49","date_gmt":"2019-03-19T02:10:49","guid":{"rendered":"https:\/\/www.miralop.cl\/?p=3560"},"modified":"2019-03-19T00:10:56","modified_gmt":"2019-03-19T02:10:56","slug":"dos-peligrosos-delincuentes-se-fugaron-en-rio-gallegos","status":"publish","type":"post","link":"https:\/\/www.miralop.cl\/index.php\/dos-peligrosos-delincuentes-se-fugaron-en-rio-gallegos\/","title":{"rendered":"DOS PELIGROSOS DELINCUENTES SE FUGARON EN R\u00cdO GALLEGOS"},"content":{"rendered":"\n<p><\/p>\n\n\n\n<p> Un nuevo caso de fuga conmociona a los vecinos de R\u00edo Gallegos, donde en las \u00faltimas horas se escaparon dos sujetos de la Seccional Quinta ante la sorpresa de todos.<br> Seg\u00fan pudo averiguar El Diario Nuevo D\u00eda con fuentes policiales, el problema en la investigaci\u00f3n surge porque muchas de las c\u00e1maras de seguridad no funcionan y las pocas que funcionan, no graban porque \u00abse quem\u00f3 el recorder\u00bb, por lo que no pueden ver c\u00f3mo se escaparon.<br> Aparentemente, los presos se escaparon \u00aben el horario de recreaci\u00f3n\u00bb ante la falta de personal, ya que en ese momento habr\u00eda s\u00f3lo dos efectivos en el lugar, aproximadamente entre las 10 y 11:30 de la ma\u00f1ana.<br> Las mismas fuentes indicaron  que \u00abla C\u00e1mara Penal sab\u00eda porque se hab\u00edan hecho los pedidos, ya que estaban rotas desde diciembre\u00bb y agregaron que necesitan por lo menos 8 c\u00e1maras para el edificio y con sistema de grabaci\u00f3n.<br> Los fugados fueron identificados como Javier Gim\u00e9nez Zerd\u00e1n de 28 a\u00f1os,  oriundo de Avellaneda, procesado por robo calificado que perpetr\u00f3 hace pocos meses en el supermercado La An\u00f3nima de R\u00edo Turbio; y Mat\u00edas Exequiel D\u00edaz Igor, 22 a\u00f1os, de R\u00edo Gallegos, quien fue condenado a 7 a\u00f1os de prisi\u00f3n por haber asaltado el kiosco \u00abLaprida\u00bb el 25 de mayo de 2012. <\/p>\n","protected":false},"excerpt":{"rendered":"<p>Un nuevo caso de fuga conmociona a los vecinos de R\u00edo Gallegos, donde en las&#8230;<\/p>\n","protected":false},"author":2,"featured_media":3561,"comment_status":"closed","ping_status":"closed","sticky":false,"template":"","format":"standard","meta":{"footnotes":""},"categories":[4],"tags":[],"class_list":["post-3560","post","type-post","status-publish","format-standard","has-post-thumbnail","hentry","category-policial"],"featured_image_urls":{"full":["https:\/\/www.miralop.cl\/wp-content\/uploads\/2019\/03\/file_50962_main1.jpg",800,457,false],"thumbnail":["https:\/\/www.miralop.cl\/wp-content\/uploads\/2019\/03\/file_50962_main1-150x150.jpg",150,150,true],"medium":["https:\/\/www.miralop.cl\/wp-content\/uploads\/2019\/03\/file_50962_main1-300x171.jpg",300,171,true],"medium_large":["https:\/\/www.miralop.cl\/wp-content\/uploads\/2019\/03\/file_50962_main1-768x439.jpg",640,366,true],"large":["https:\/\/www.miralop.cl\/wp-content\/uploads\/2019\/03\/file_50962_main1.jpg",640,366,false],"1536x1536":["https:\/\/www.miralop.cl\/wp-content\/uploads\/2019\/03\/file_50962_main1.jpg",800,457,false],"2048x2048":["https:\/\/www.miralop.cl\/wp-content\/uploads\/2019\/03\/file_50962_main1.jpg",800,457,false],"covernews-slider-full":["https:\/\/www.miralop.cl\/wp-content\/uploads\/2019\/03\/file_50962_main1.jpg",800,457,false],"covernews-slider-center":["https:\/\/www.miralop.cl\/wp-content\/uploads\/2019\/03\/file_50962_main1.jpg",800,457,false],"covernews-featured":["https:\/\/www.miralop.cl\/wp-content\/uploads\/2019\/03\/file_50962_main1.jpg",800,457,false],"covernews-medium":["https:\/\/www.miralop.cl\/wp-content\/uploads\/2019\/03\/file_50962_main1.jpg",540,308,false],"covernews-medium-square":["https:\/\/www.miralop.cl\/wp-content\/uploads\/2019\/03\/file_50962_main1.jpg",400,229,false],"sow-carousel-default":["https:\/\/www.miralop.cl\/wp-content\/uploads\/2019\/03\/file_50962_main1-272x182.jpg",272,182,true]},"author_info":{"display_name":"MIRALO","author_link":"https:\/\/www.miralop.cl\/index.php\/author\/miralop\/"},"category_info":"<a href=\"https:\/\/www.miralop.cl\/index.php\/category\/policial\/\" rel=\"category tag\">POLICIAL<\/a>","tag_info":"POLICIAL","comment_count":"0","_links":{"self":[{"href":"https:\/\/www.miralop.cl\/index.php\/wp-json\/wp\/v2\/posts\/3560","targetHints":{"allow":["GET"]}}],"collection":[{"href":"https:\/\/www.miralop.cl\/index.php\/wp-json\/wp\/v2\/posts"}],"about":[{"href":"https:\/\/www.miralop.cl\/index.php\/wp-json\/wp\/v2\/types\/post"}],"author":[{"embeddable":true,"href":"https:\/\/www.miralop.cl\/index.php\/wp-json\/wp\/v2\/users\/2"}],"replies":[{"embeddable":true,"href":"https:\/\/www.miralop.cl\/index.php\/wp-json\/wp\/v2\/comments?post=3560"}],"version-history":[{"count":0,"href":"https:\/\/www.miralop.cl\/index.php\/wp-json\/wp\/v2\/posts\/3560\/revisions"}],"wp:featuredmedia":[{"embeddable":true,"href":"https:\/\/www.miralop.cl\/index.php\/wp-json\/wp\/v2\/media\/3561"}],"wp:attachment":[{"href":"https:\/\/www.miralop.cl\/index.php\/wp-json\/wp\/v2\/media?parent=3560"}],"wp:term":[{"taxonomy":"category","embeddable":true,"href":"https:\/\/www.miralop.cl\/index.php\/wp-json\/wp\/v2\/categories?post=3560"},{"taxonomy":"post_tag","embeddable":true,"href":"https:\/\/www.miralop.cl\/index.php\/wp-json\/wp\/v2\/tags?post=3560"}],"curies":[{"name":"wp","href":"https:\/\/api.w.org\/{rel}","templated":true}]}}