{"id":3411,"date":"2019-03-08T02:34:08","date_gmt":"2019-03-08T04:34:08","guid":{"rendered":"https:\/\/www.miralop.cl\/?p=3411"},"modified":"2019-03-08T02:34:10","modified_gmt":"2019-03-08T04:34:10","slug":"justicia-deja-a-firme-prision-preventiva-para-cristina-kirchner","status":"publish","type":"post","link":"https:\/\/www.miralop.cl\/index.php\/justicia-deja-a-firme-prision-preventiva-para-cristina-kirchner\/","title":{"rendered":"JUSTICIA DEJA A FIRME PRISI\u00d3N PREVENTIVA PARA CRISTINA KIRCHNER"},"content":{"rendered":"\n<h2 class=\"wp-block-heading\">La ex Presidenta argentina hab\u00eda presentado un recurso ante la Corte Suprema contra la decisi\u00f3n.<\/h2>\n\n\n\n<p>Con la firma de sus cinco ministros, la Corte Suprema de Justicia de la Naci\u00f3n argentina dej\u00f3 firme este jueves el procesamiento y la prisi\u00f3n preventiva de la ex Presidenta argentina Cristina Kirchner dictados por el juez federal Claudio Bonadio en el marco de la causa por el Memor\u00e1ndum de Entendimiento con Ir\u00e1n por la causa del atentado contra la AMIA.<br> El fallo es un importante rev\u00e9s para la estrategia judicial de la ex Mandataria, ya que de esta manera qued\u00f3 saldado el \u00faltimo recurso que pod\u00eda imposibiliar el inicio del juicio oral cuya fecha de inicio a\u00fan no fue fijada por el Tribunal Oral en lo Criminal Federal.<br> El m\u00e1ximo tribunal desestim\u00f3 un recurso de queja de la defensa de la ex Presidenta para que la Corte interviniera ante la negativa de la sala IV de la C\u00e1mara Federal de Casaci\u00f3n Penal a concederle el recurso extraordinario para discutir su situaci\u00f3n en la Corte.<br> Se trata del procesamiento y la prisi\u00f3n preventiva -no efectivizada por la negativa del Senado a tratar el pedido de desafuero- dispuestos por Bonadio por la presunta comisi\u00f3n de los delitos de estorbo de un acto funcional, abuso de autoridad y encubrimiento agravado.<\/p>\n","protected":false},"excerpt":{"rendered":"<p>La ex Presidenta argentina hab\u00eda presentado un recurso ante la Corte Suprema contra la decisi\u00f3n&#8230;.<\/p>\n","protected":false},"author":2,"featured_media":3412,"comment_status":"closed","ping_status":"closed","sticky":false,"template":"","format":"standard","meta":{"footnotes":""},"categories":[1],"tags":[],"class_list":["post-3411","post","type-post","status-publish","format-standard","has-post-thumbnail","hentry","category-cronica"],"featured_image_urls":{"full":["https:\/\/www.miralop.cl\/wp-content\/uploads\/2019\/03\/K.jpg",620,356,false],"thumbnail":["https:\/\/www.miralop.cl\/wp-content\/uploads\/2019\/03\/K-150x150.jpg",150,150,true],"medium":["https:\/\/www.miralop.cl\/wp-content\/uploads\/2019\/03\/K-300x172.jpg",300,172,true],"medium_large":["https:\/\/www.miralop.cl\/wp-content\/uploads\/2019\/03\/K.jpg",620,356,false],"large":["https:\/\/www.miralop.cl\/wp-content\/uploads\/2019\/03\/K.jpg",620,356,false],"1536x1536":["https:\/\/www.miralop.cl\/wp-content\/uploads\/2019\/03\/K.jpg",620,356,false],"2048x2048":["https:\/\/www.miralop.cl\/wp-content\/uploads\/2019\/03\/K.jpg",620,356,false],"covernews-slider-full":["https:\/\/www.miralop.cl\/wp-content\/uploads\/2019\/03\/K.jpg",620,356,false],"covernews-slider-center":["https:\/\/www.miralop.cl\/wp-content\/uploads\/2019\/03\/K.jpg",620,356,false],"covernews-featured":["https:\/\/www.miralop.cl\/wp-content\/uploads\/2019\/03\/K.jpg",620,356,false],"covernews-medium":["https:\/\/www.miralop.cl\/wp-content\/uploads\/2019\/03\/K.jpg",540,310,false],"covernews-medium-square":["https:\/\/www.miralop.cl\/wp-content\/uploads\/2019\/03\/K.jpg",400,230,false],"sow-carousel-default":["https:\/\/www.miralop.cl\/wp-content\/uploads\/2019\/03\/K-272x182.jpg",272,182,true]},"author_info":{"display_name":"MIRALO","author_link":"https:\/\/www.miralop.cl\/index.php\/author\/miralop\/"},"category_info":"<a href=\"https:\/\/www.miralop.cl\/index.php\/category\/cronica\/\" rel=\"category tag\">CR\u00d3NICA<\/a>","tag_info":"CR\u00d3NICA","comment_count":"0","_links":{"self":[{"href":"https:\/\/www.miralop.cl\/index.php\/wp-json\/wp\/v2\/posts\/3411","targetHints":{"allow":["GET"]}}],"collection":[{"href":"https:\/\/www.miralop.cl\/index.php\/wp-json\/wp\/v2\/posts"}],"about":[{"href":"https:\/\/www.miralop.cl\/index.php\/wp-json\/wp\/v2\/types\/post"}],"author":[{"embeddable":true,"href":"https:\/\/www.miralop.cl\/index.php\/wp-json\/wp\/v2\/users\/2"}],"replies":[{"embeddable":true,"href":"https:\/\/www.miralop.cl\/index.php\/wp-json\/wp\/v2\/comments?post=3411"}],"version-history":[{"count":0,"href":"https:\/\/www.miralop.cl\/index.php\/wp-json\/wp\/v2\/posts\/3411\/revisions"}],"wp:featuredmedia":[{"embeddable":true,"href":"https:\/\/www.miralop.cl\/index.php\/wp-json\/wp\/v2\/media\/3412"}],"wp:attachment":[{"href":"https:\/\/www.miralop.cl\/index.php\/wp-json\/wp\/v2\/media?parent=3411"}],"wp:term":[{"taxonomy":"category","embeddable":true,"href":"https:\/\/www.miralop.cl\/index.php\/wp-json\/wp\/v2\/categories?post=3411"},{"taxonomy":"post_tag","embeddable":true,"href":"https:\/\/www.miralop.cl\/index.php\/wp-json\/wp\/v2\/tags?post=3411"}],"curies":[{"name":"wp","href":"https:\/\/api.w.org\/{rel}","templated":true}]}}